[{"@context":"https:\/\/schema.org\/","@type":"Article","@id":"https:\/\/www.rancoaza.cz\/tak-trochu-jiny-jarni-uklid\/#Article","mainEntityOfPage":"https:\/\/www.rancoaza.cz\/tak-trochu-jiny-jarni-uklid\/","headline":"Tak trochu jin\u00fd jarn\u00ed \u00faklid","name":"Tak trochu jin\u00fd jarn\u00ed \u00faklid","description":"&#13; N\u011bkdy n\u00e1m na\u0161e \u0161atn\u00ed sk\u0159\u00ed\u0148 \u201eprask\u00e1 ve \u0161vech\u201c a je to p\u0159edev\u0161\u00edm t\u00edm, \u017ee schov\u00e1v\u00e1me v\u011bci, kter\u00fdch je n\u00e1m l\u00edto nebo t\u011bch, kter\u00e9 p\u0159edev\u0161\u00edm","datePublished":"2020-10-21","dateModified":"2023-05-15","author":{"@type":"Person","@id":"https:\/\/www.rancoaza.cz\/author\/#Person","name":"","url":"https:\/\/www.rancoaza.cz\/author\/","identifier":1,"image":{"@type":"ImageObject","@id":"https:\/\/secure.gravatar.com\/avatar\/01173f1da90dde8adb887d6793fa4e42c4004e53f8d645d9b1cb57c2dee8e188?s=96&d=mm&r=g","url":"https:\/\/secure.gravatar.com\/avatar\/01173f1da90dde8adb887d6793fa4e42c4004e53f8d645d9b1cb57c2dee8e188?s=96&d=mm&r=g","height":96,"width":96}},"publisher":{"@type":"Organization","name":"rancoaza.cz","logo":{"@type":"ImageObject","@id":"\/logo.png","url":"\/logo.png","width":600,"height":60}},"image":{"@type":"ImageObject","@id":"https:\/\/www.rancoaza.cz\/wp-content\/uploads\/img_a307743_w1773_t1518979217.jpg","url":"https:\/\/www.rancoaza.cz\/wp-content\/uploads\/img_a307743_w1773_t1518979217.jpg","height":0,"width":0},"url":"https:\/\/www.rancoaza.cz\/tak-trochu-jiny-jarni-uklid\/","about":["Online"],"wordCount":437,"articleBody":"&#13; N\u011bkdy n\u00e1m na\u0161e \u0161atn\u00ed sk\u0159\u00ed\u0148 \u201eprask\u00e1 ve \u0161vech\u201c a je to p\u0159edev\u0161\u00edm t\u00edm, \u017ee schov\u00e1v\u00e1me v\u011bci, kter\u00fdch je n\u00e1m l\u00edto nebo t\u011bch, kter\u00e9 p\u0159edev\u0161\u00edm ani nenos\u00edme. P\u0159\u00edpadn\u011b tak\u00e9 t\u00edm, \u017ee se n\u00e1m m\u011bn\u00ed postava, n\u011bkdo z n\u00e1s p\u0159ib\u00edr\u00e1 na v\u00e1ze a n\u011bkdo t\u0159eba hubne\u2026 A je \u00fapln\u011b jedno, jestli jde o nov\u00e9 nebo obno\u0161en\u00e9 v\u011bci jako nap\u0159\u00edklad svetry, mikiny, tepl\u00e1ky, kalhoty, trika a podobn\u011b.Vyu\u017e\u00edt d\u00e1l je m\u016f\u017eeme mnoha sm\u011bry, nejen jako samotn\u00fd od\u011bv. Z v\u011bt\u0161\u00edch zachoval\u00fdch kus\u016f, jako t\u0159eba trika a haleny se d\u00e1 vytvo\u0159it i dal\u0161\u00ed kreativn\u00ed v\u011bc. Nap\u0159\u00edklad i oby\u010dejn\u00fd pol\u0161t\u00e1\u0159ek do ob\u00fdv\u00e1ku. A pokud jsme trochu zru\u010dn\u00ed, ur\u010dit\u011b si lehce porad\u00edme a vytvo\u0159\u00edme opravdu p\u011bkn\u00fd origin\u00e1ln\u00ed kousek. Jestli se v\u0161ak do tohoto typu tvo\u0159en\u00ed nechceme vrhnout, existuj\u00ed i jin\u00e9 varianty co s vyt\u0159\u00edd\u011bn\u00fdmi v\u011bcmi.&#13; &#13; V prvn\u00ed \u0159ad\u011b je lze jist\u00fdm zp\u016fsobem nab\u00eddnout n\u00e1m zn\u00e1m\u00fdm kamar\u00e1d\u016fm. V\u0161echno, co nepot\u0159ebujeme nebo v\u00edme, \u017ee pot\u0159ebovat nebudeme, je tak\u00e9 mo\u017en\u00e9 \u201evlo\u017eit\u201c nainternet do r\u016fzn\u00fdch bazar\u016f. Vytaven\u00ed inzer\u00e1tu je ve v\u011bt\u0161in\u011b bazar\u016f zdarma a my tyto v\u011bci nab\u00edz\u00edme zdarma nebo i za ur\u010dit\u00fd poplatek. Tak\u017ee je\u0161t\u011b si m\u016f\u017eeme pochopiteln\u011b i n\u011bco m\u00e1lo vyd\u011blat zp\u011bt z na\u0161eho star\u00e9ho \u0161atn\u00edku. Od\u011bvy sta\u010d\u00ed jednodu\u0161e vyfotit, d\u00e1t men\u0161\u00ed popis s p\u0159\u00edpadnou velikost\u00ed a zvolit cenu, za kterou jsme ochotni dan\u00fd \u201ekousek\u201c prodat. Internetov\u00fdch port\u00e1l\u016f je spousta, p\u0159in\u00e1\u0161\u00edme v\u0161ak ty nejv\u00edce nav\u0161t\u011bvovan\u00e9:&#13; &#13; &#13; Letgo&#13; &#13; &#13; Aukro&#13; &#13; &#13; Bazo\u0161&#13; &#13; &#13; Sbazar&#13; &#13; &#13; Facebook&#13; &#13; &#13; Mimibazar&#13; &#13; &#13; Emimino&#13; &#13; &#13; Kdy\u017e se ani t\u00edmto nechceme zab\u00fdvat, t\u0159eba i z d\u016fvodu nedostatku \u010dasov\u00fdch mo\u017enost\u00ed, tak v posledn\u00ed \u0159ad\u011b nesm\u00edme zapomenout na variantu osloven\u00ed ur\u010dit\u00e9 organizace, kde od\u011bvy m\u016f\u017eeme v\u011bnovat zdarma na charitativn\u00ed \u00fa\u010dely. N\u011bkter\u00e9 tyto typy spole\u010dnost\u00ed maj\u00ed sb\u011brn\u00e9 kontejnery u n\u00e1kupn\u00edch center, kter\u00e9 jsou ozna\u010den\u00e9 \u201etextilem\u201c.&#13; Ur\u010dit\u011b stoj\u00ed zato zv\u00e1\u017eit, jak nalo\u017e\u00edme s vyt\u0159\u00edd\u011bn\u00fdmi v\u011bcmi. Ano, v\u017edy je nejjednodu\u0161\u0161\u00ed v\u0161e chytnout a vyhodit do popelnice, co\u017e je jist\u011b \u0161koda, proto\u017ee je\u0161t\u011b n\u011bkomu jin\u00e9mu m\u016f\u017eou nejen pomoci\u2026                                                                                                                                                                                                                                                                                                                                                                                        4.5\/5 - (13 votes)        "},{"@context":"https:\/\/schema.org\/","@type":"BreadcrumbList","itemListElement":[{"@type":"ListItem","position":1,"name":"Tak trochu jin\u00fd jarn\u00ed \u00faklid","item":"https:\/\/www.rancoaza.cz\/tak-trochu-jiny-jarni-uklid\/#breadcrumbitem"}]}]